{"id":82,"date":"2014-02-07T19:39:05","date_gmt":"2014-02-07T17:39:05","guid":{"rendered":"http:\/\/sorvipenkki.fi\/blog\/?p=82"},"modified":"2014-02-07T19:42:58","modified_gmt":"2014-02-07T17:42:58","slug":"yleisten-kirjastojen-aluetietokannat-syynissa","status":"publish","type":"post","link":"http:\/\/sorvipenkki.fi\/blog\/2014\/02\/07\/yleisten-kirjastojen-aluetietokannat-syynissa\/","title":{"rendered":"Yleisten kirjastojen aluetietokannat syyniss\u00e4"},"content":{"rendered":"<figure id=\"attachment_83\" aria-describedby=\"caption-attachment-83\" style=\"width: 333px\" class=\"wp-caption alignnone\"><a href=\"http:\/\/www.flickr.com\/photos\/nmorao\/4065996219\/\"><img data-recalc-dims=\"1\" loading=\"lazy\" decoding=\"async\" data-attachment-id=\"83\" data-permalink=\"http:\/\/sorvipenkki.fi\/blog\/2014\/02\/07\/yleisten-kirjastojen-aluetietokannat-syynissa\/nmorao\/\" data-orig-file=\"https:\/\/i0.wp.com\/sorvipenkki.fi\/blog\/wp-content\/uploads\/2014\/02\/nmorao.jpg?fit=333%2C500\" data-orig-size=\"333,500\" data-comments-opened=\"1\" data-image-meta=\"{&quot;aperture&quot;:&quot;0&quot;,&quot;credit&quot;:&quot;&quot;,&quot;camera&quot;:&quot;&quot;,&quot;caption&quot;:&quot;&quot;,&quot;created_timestamp&quot;:&quot;0&quot;,&quot;copyright&quot;:&quot;&quot;,&quot;focal_length&quot;:&quot;0&quot;,&quot;iso&quot;:&quot;0&quot;,&quot;shutter_speed&quot;:&quot;0&quot;,&quot;title&quot;:&quot;&quot;}\" data-image-title=\"nmorao, Regional 5120, http:\/\/www.flickr.com\/photos\/nmorao\/4065996219\/\" data-image-description=\"\" data-image-caption=\"&lt;p&gt;nmorao, Regional 5120, http:\/\/www.flickr.com\/photos\/nmorao\/4065996219\/&lt;\/p&gt;\n\" data-medium-file=\"https:\/\/i0.wp.com\/sorvipenkki.fi\/blog\/wp-content\/uploads\/2014\/02\/nmorao.jpg?fit=199%2C300\" data-large-file=\"https:\/\/i0.wp.com\/sorvipenkki.fi\/blog\/wp-content\/uploads\/2014\/02\/nmorao.jpg?fit=333%2C500\" class=\"size-full wp-image-83\" alt=\"nmorao, Regional 5120, http:\/\/www.flickr.com\/photos\/nmorao\/4065996219\/\" src=\"https:\/\/i0.wp.com\/sorvipenkki.fi\/blog\/wp-content\/uploads\/2014\/02\/nmorao.jpg?resize=333%2C500\" width=\"333\" height=\"500\" srcset=\"https:\/\/i0.wp.com\/sorvipenkki.fi\/blog\/wp-content\/uploads\/2014\/02\/nmorao.jpg?w=333 333w, https:\/\/i0.wp.com\/sorvipenkki.fi\/blog\/wp-content\/uploads\/2014\/02\/nmorao.jpg?resize=199%2C300 199w\" sizes=\"auto, (max-width: 333px) 100vw, 333px\" \/><\/a><figcaption id=\"caption-attachment-83\" class=\"wp-caption-text\">nmorao, Regional 5120, http:\/\/www.flickr.com\/photos\/nmorao\/4065996219\/<\/figcaption><\/figure>\n<p>Yleisill\u00e4 kirjastoilla on jo jonkinmoinen historia aluetietokantojen yll\u00e4pit\u00e4misest\u00e4. Aluetietokantoja on rakennettu erilaisista l\u00e4ht\u00f6kohdista ja erilaisin v\u00e4linein. Aluetietokantoihin panostetaan eri tavoin: osalla kirjastoissa on useita hyvin erikoistuneita aluetietokantoja, osalla ei v\u00e4ltt\u00e4m\u00e4tt\u00e4 ole omaa erillist\u00e4 aluetietokantaa. Nyt kun yleisten kirjastojen j\u00e4rjestelm\u00e4tilanne Suomessa on k\u00e4ym\u00e4ss\u00e4 l\u00e4pi isoja muutoksia, on tullut sopiva sauma pohtia aluetietokantojen tulevaisuutta.<\/p>\n<p dir=\"ltr\">Meneill\u00e4\u00e4n olevassa <a title=\"Selvitys aluetietokannoista ja niiden suhteesta kansalliseen metatietovarantoon, Yleisten kirjastojen hankerekisteri\" href=\"http:\/\/hankkeet.kirjastot.fi\/hanke\/selvitys-aluetietokannoista-ja-niiden-suhteesta-kansalliseen-metatietovarantoon\" target=\"_blank\">Aluetietokantaselvitys-projektissa<\/a> kartoitetaan aluetietokantojen nykytilaa, yll\u00e4pitoa, kehityssuunnitelmia ja -toiveita. Projektin ty\u00f6ryhm\u00e4ss\u00e4 ovat lis\u00e4kseni:<\/p>\n<ul>\n<li>Anna-Mari Andersson, Kouvolan kaupunginkirjasto<\/li>\n<li>Johanna Jauhonen, Tampereen kaupunginkirjasto<\/li>\n<li>Jaana K\u00e4ki, H\u00e4meenlinnan kaupunginkirjasto<\/li>\n<li>Liisa Rossi, Kuopion kaupunginkirjasto<\/li>\n<li>Maija Saraste, Oulun kaupunginkirjasto<\/li>\n<li>Tiina Teijonsalo, Jyv\u00e4skyl\u00e4n kaupunginkirjasto<\/li>\n<li>Sami Varjo, Vaasan kaupunginkirjasto.<\/li>\n<\/ul>\n<p dir=\"ltr\">Aluetietokannalla tarkoitamme kirjaston kokoamaa ja yll\u00e4pit\u00e4m\u00e4\u00e4 alueellista tietoa sis\u00e4lt\u00e4v\u00e4\u00e4 tietokantaa tai sivustoa.<\/p>\n<p dir=\"ltr\">T\u00e4rke\u00e4 osa projektia on yleisille kirjastoille suunnattu kysely. Kysely on tarkoitettu maakuntakirjastoille ja sellaisille yleisille kirjastoille, jotka yll\u00e4pit\u00e4v\u00e4t ja hallinnoivat aluetietokantaa. Kokonaiskuvan saamiseksi vastauksia toivomme, vaikka aluetietokantaa ei en\u00e4\u00e4 olisi.<\/p>\n<p dir=\"ltr\">Projekti kest\u00e4\u00e4 toukokuulle 2014, mutta jonkinlainen puoliv\u00e4linkrouvi tuntui tulleen t\u00e4n\u00e4\u00e4n. Julkaisimme kyselyn verkossa ja l\u00e4hetimme maakuntakirjastojen johtajille pyynn\u00f6n vastata omien alueiden osalta kyselyyn. Samalla toivomme, ett\u00e4 sana kyselyst\u00e4 levi\u00e4isi niille omia aluetietokantojaan yll\u00e4pit\u00e4ville kirjastoille, joita emme hoksanneet l\u00e4hesty\u00e4 suoraan s\u00e4hk\u00f6postitse.<\/p>\n<p dir=\"ltr\">Kyselyn deadline on 28.2.2014.<\/p>\n<p dir=\"ltr\">Kysely on osoitteessa:<\/p>\n<p dir=\"ltr\"><a title=\"Aluetietokantojen nykytila ja tulevaisuus -kysely, Tampereen kaupunginkirjasto\" href=\"https:\/\/palvelut2.tampere.fi\/e3\/lomakkeet\/7976\/lomake.html\" target=\"_blank\">https:\/\/palvelut2.tampere.fi\/e3\/lomakkeet\/7976\/lomake.html<\/a><\/p>\n<p dir=\"ltr\">Hankehakemus tarkempine projektikuvauksineen on Yleisten kirjastojen hankerekisteri -sivustolla:<\/p>\n<p dir=\"ltr\"><a title=\"Selvitys aluetietokannoista ja niiden suhteesta kansalliseen metatietovarantoon, Yleisten kirjastojen hankerekisteri\" href=\"http:\/\/hankkeet.kirjastot.fi\/hanke\/selvitys-aluetietokannoista-ja-niiden-suhteesta-kansalliseen-metatietovarantoon\" target=\"_blank\">http:\/\/hankkeet.kirjastot.fi\/hanke\/selvitys-aluetietokannoista-ja-niiden-suhteesta-kansalliseen-metatietovarantoon<\/a><\/p>\n<p dir=\"ltr\">[schema type=&#8221;event&#8221; evtype=&#8221;Event&#8221; url=&#8221;https:\/\/palvelut2.tampere.fi\/e3\/lomakkeet\/7976\/lomake.html&#8221; name=&#8221;Aluetietokantojen nykytila ja tulevaisuus&#8221; description=&#8221;T\u00e4m\u00e4 kysely koskee aluetietokantoja, niiden nykytilaa ja tulevaisuutta. Aluetietokannalla tarkoitetaan t\u00e4ss\u00e4 kyselyss\u00e4 kirjaston kokoamaa ja yll\u00e4pit\u00e4m\u00e4\u00e4 alueellista tietoa sis\u00e4lt\u00e4v\u00e4\u00e4 tietokantaa tai sivustoa, ei kuitenkaan kirjailijatietokantaa.&#8221; sdate=&#8221;2014-02-07&#8243; stime=&#8221;03:00 pm&#8221; edate=&#8221;2014-02-28&#8243; country=&#8221;FI&#8221; ]<\/p>\n","protected":false},"excerpt":{"rendered":"<p>Yleisill\u00e4 kirjastoilla on jo jonkinmoinen historia aluetietokantojen yll\u00e4pit\u00e4misest\u00e4. Aluetietokantoja on rakennettu erilaisista l\u00e4ht\u00f6kohdista ja erilaisin v\u00e4linein. Aluetietokantoihin panostetaan eri tavoin: osalla kirjastoissa on useita hyvin erikoistuneita aluetietokantoja, osalla ei v\u00e4ltt\u00e4m\u00e4tt\u00e4 ole omaa erillist\u00e4 aluetietokantaa. Nyt kun yleisten kirjastojen j\u00e4rjestelm\u00e4tilanne Suomessa on k\u00e4ym\u00e4ss\u00e4 l\u00e4pi isoja muutoksia, on tullut sopiva sauma pohtia aluetietokantojen tulevaisuutta. Meneill\u00e4\u00e4n olevassa Aluetietokantaselvitys-projektissa &hellip; <a href=\"http:\/\/sorvipenkki.fi\/blog\/2014\/02\/07\/yleisten-kirjastojen-aluetietokannat-syynissa\/\" class=\"more-link\">Jatka artikkeliin <span class=\"screen-reader-text\">Yleisten kirjastojen aluetietokannat syyniss\u00e4<\/span><\/a><\/p>\n","protected":false},"author":1,"featured_media":83,"comment_status":"open","ping_status":"open","sticky":false,"template":"","format":"standard","meta":{"_jetpack_newsletter_access":"","_jetpack_dont_email_post_to_subs":false,"_jetpack_newsletter_tier_id":0,"_jetpack_memberships_contains_paywalled_content":false,"_jetpack_memberships_contains_paid_content":false,"footnotes":""},"categories":[43,32],"tags":[80,83,84,82,81],"class_list":["post-82","post","type-post","status-publish","format-standard","has-post-thumbnail","hentry","category-tekniset-jarjestelmat","category-yleiset-kirjastot","tag-aluetietokannat","tag-kokoelmatietokannat","tag-selvitys","tag-tietokannat","tag-yleiset-kirjastot-2"],"yoast_head":"<!-- This site is optimized with the Yoast SEO plugin v25.6 - https:\/\/yoast.com\/wordpress\/plugins\/seo\/ -->\n<title>Yleisten kirjastojen aluetietokannat syyniss\u00e4 - Sorvipenkki : blogi<\/title>\n<meta name=\"description\" content=\"Meneill\u00e4\u00e4n olevassa Aluetietokantaselvitys-projektissa kartoitetaan aluetietokantojen nykytilaa, yll\u00e4pitoa, kehityssuunnitelmia ja -toiveita.\" \/>\n<meta name=\"robots\" content=\"index, follow, max-snippet:-1, max-image-preview:large, max-video-preview:-1\" \/>\n<link rel=\"canonical\" href=\"https:\/\/sorvipenkki.fi\/blog\/2014\/02\/07\/yleisten-kirjastojen-aluetietokannat-syynissa\/\" \/>\n<meta property=\"og:locale\" content=\"fi_FI\" \/>\n<meta property=\"og:type\" content=\"article\" \/>\n<meta property=\"og:title\" content=\"Yleisten kirjastojen aluetietokannat syyniss\u00e4 - Sorvipenkki : blogi\" \/>\n<meta property=\"og:description\" content=\"Meneill\u00e4\u00e4n olevassa Aluetietokantaselvitys-projektissa kartoitetaan aluetietokantojen nykytilaa, yll\u00e4pitoa, kehityssuunnitelmia ja -toiveita.\" \/>\n<meta property=\"og:url\" content=\"https:\/\/sorvipenkki.fi\/blog\/2014\/02\/07\/yleisten-kirjastojen-aluetietokannat-syynissa\/\" \/>\n<meta property=\"og:site_name\" content=\"Sorvipenkki : blogi\" \/>\n<meta property=\"article:published_time\" content=\"2014-02-07T17:39:05+00:00\" \/>\n<meta property=\"article:modified_time\" content=\"2014-02-07T17:42:58+00:00\" \/>\n<meta property=\"og:image\" content=\"https:\/\/i0.wp.com\/sorvipenkki.fi\/blog\/wp-content\/uploads\/2014\/02\/nmorao.jpg?fit=333%2C500&ssl=1\" \/>\n\t<meta property=\"og:image:width\" content=\"333\" \/>\n\t<meta property=\"og:image:height\" content=\"500\" \/>\n\t<meta property=\"og:image:type\" content=\"image\/jpeg\" \/>\n<meta name=\"author\" content=\"Petri\" \/>\n<meta name=\"twitter:label1\" content=\"Kirjoittanut\" \/>\n\t<meta name=\"twitter:data1\" content=\"Petri\" \/>\n\t<meta name=\"twitter:label2\" content=\"Arvioitu lukuaika\" \/>\n\t<meta name=\"twitter:data2\" content=\"2 minuuttia\" \/>\n<script type=\"application\/ld+json\" class=\"yoast-schema-graph\">{\"@context\":\"https:\/\/schema.org\",\"@graph\":[{\"@type\":\"WebPage\",\"@id\":\"https:\/\/sorvipenkki.fi\/blog\/2014\/02\/07\/yleisten-kirjastojen-aluetietokannat-syynissa\/\",\"url\":\"https:\/\/sorvipenkki.fi\/blog\/2014\/02\/07\/yleisten-kirjastojen-aluetietokannat-syynissa\/\",\"name\":\"Yleisten kirjastojen aluetietokannat syyniss\u00e4 - Sorvipenkki : blogi\",\"isPartOf\":{\"@id\":\"http:\/\/sorvipenkki.fi\/blog\/#website\"},\"primaryImageOfPage\":{\"@id\":\"https:\/\/sorvipenkki.fi\/blog\/2014\/02\/07\/yleisten-kirjastojen-aluetietokannat-syynissa\/#primaryimage\"},\"image\":{\"@id\":\"https:\/\/sorvipenkki.fi\/blog\/2014\/02\/07\/yleisten-kirjastojen-aluetietokannat-syynissa\/#primaryimage\"},\"thumbnailUrl\":\"https:\/\/i0.wp.com\/sorvipenkki.fi\/blog\/wp-content\/uploads\/2014\/02\/nmorao.jpg?fit=333%2C500\",\"datePublished\":\"2014-02-07T17:39:05+00:00\",\"dateModified\":\"2014-02-07T17:42:58+00:00\",\"author\":{\"@id\":\"http:\/\/sorvipenkki.fi\/blog\/#\/schema\/person\/b02edacd98c802b6ce32fef5a7249d0f\"},\"description\":\"Meneill\u00e4\u00e4n olevassa Aluetietokantaselvitys-projektissa kartoitetaan aluetietokantojen nykytilaa, yll\u00e4pitoa, kehityssuunnitelmia ja -toiveita.\",\"breadcrumb\":{\"@id\":\"https:\/\/sorvipenkki.fi\/blog\/2014\/02\/07\/yleisten-kirjastojen-aluetietokannat-syynissa\/#breadcrumb\"},\"inLanguage\":\"fi\",\"potentialAction\":[{\"@type\":\"ReadAction\",\"target\":[\"https:\/\/sorvipenkki.fi\/blog\/2014\/02\/07\/yleisten-kirjastojen-aluetietokannat-syynissa\/\"]}]},{\"@type\":\"ImageObject\",\"inLanguage\":\"fi\",\"@id\":\"https:\/\/sorvipenkki.fi\/blog\/2014\/02\/07\/yleisten-kirjastojen-aluetietokannat-syynissa\/#primaryimage\",\"url\":\"https:\/\/i0.wp.com\/sorvipenkki.fi\/blog\/wp-content\/uploads\/2014\/02\/nmorao.jpg?fit=333%2C500\",\"contentUrl\":\"https:\/\/i0.wp.com\/sorvipenkki.fi\/blog\/wp-content\/uploads\/2014\/02\/nmorao.jpg?fit=333%2C500\",\"width\":333,\"height\":500,\"caption\":\"nmorao, Regional 5120, http:\/\/www.flickr.com\/photos\/nmorao\/4065996219\/\"},{\"@type\":\"BreadcrumbList\",\"@id\":\"https:\/\/sorvipenkki.fi\/blog\/2014\/02\/07\/yleisten-kirjastojen-aluetietokannat-syynissa\/#breadcrumb\",\"itemListElement\":[{\"@type\":\"ListItem\",\"position\":1,\"name\":\"Etusivu\",\"item\":\"http:\/\/sorvipenkki.fi\/blog\/\"},{\"@type\":\"ListItem\",\"position\":2,\"name\":\"Yleisten kirjastojen aluetietokannat syyniss\u00e4\"}]},{\"@type\":\"WebSite\",\"@id\":\"http:\/\/sorvipenkki.fi\/blog\/#website\",\"url\":\"http:\/\/sorvipenkki.fi\/blog\/\",\"name\":\"Sorvipenkki : blogi\",\"description\":\"kirjastoista, verkosta, informaatiosta\",\"potentialAction\":[{\"@type\":\"SearchAction\",\"target\":{\"@type\":\"EntryPoint\",\"urlTemplate\":\"http:\/\/sorvipenkki.fi\/blog\/?s={search_term_string}\"},\"query-input\":{\"@type\":\"PropertyValueSpecification\",\"valueRequired\":true,\"valueName\":\"search_term_string\"}}],\"inLanguage\":\"fi\"},{\"@type\":\"Person\",\"@id\":\"http:\/\/sorvipenkki.fi\/blog\/#\/schema\/person\/b02edacd98c802b6ce32fef5a7249d0f\",\"name\":\"Petri\",\"image\":{\"@type\":\"ImageObject\",\"inLanguage\":\"fi\",\"@id\":\"http:\/\/sorvipenkki.fi\/blog\/#\/schema\/person\/image\/\",\"url\":\"https:\/\/secure.gravatar.com\/avatar\/2b04db36fb4abd91b2bfacbece88896e7baf17224329d5a14577b32576cf2c7e?s=96&d=mm&r=g\",\"contentUrl\":\"https:\/\/secure.gravatar.com\/avatar\/2b04db36fb4abd91b2bfacbece88896e7baf17224329d5a14577b32576cf2c7e?s=96&d=mm&r=g\",\"caption\":\"Petri\"},\"sameAs\":[\"http:\/\/sorvipenkki.fi\"],\"url\":\"http:\/\/sorvipenkki.fi\/blog\/author\/petri\/\"}]}<\/script>\n<!-- \/ Yoast SEO plugin. -->","yoast_head_json":{"title":"Yleisten kirjastojen aluetietokannat syyniss\u00e4 - Sorvipenkki : blogi","description":"Meneill\u00e4\u00e4n olevassa Aluetietokantaselvitys-projektissa kartoitetaan aluetietokantojen nykytilaa, yll\u00e4pitoa, kehityssuunnitelmia ja -toiveita.","robots":{"index":"index","follow":"follow","max-snippet":"max-snippet:-1","max-image-preview":"max-image-preview:large","max-video-preview":"max-video-preview:-1"},"canonical":"https:\/\/sorvipenkki.fi\/blog\/2014\/02\/07\/yleisten-kirjastojen-aluetietokannat-syynissa\/","og_locale":"fi_FI","og_type":"article","og_title":"Yleisten kirjastojen aluetietokannat syyniss\u00e4 - Sorvipenkki : blogi","og_description":"Meneill\u00e4\u00e4n olevassa Aluetietokantaselvitys-projektissa kartoitetaan aluetietokantojen nykytilaa, yll\u00e4pitoa, kehityssuunnitelmia ja -toiveita.","og_url":"https:\/\/sorvipenkki.fi\/blog\/2014\/02\/07\/yleisten-kirjastojen-aluetietokannat-syynissa\/","og_site_name":"Sorvipenkki : blogi","article_published_time":"2014-02-07T17:39:05+00:00","article_modified_time":"2014-02-07T17:42:58+00:00","og_image":[{"width":333,"height":500,"url":"https:\/\/i0.wp.com\/sorvipenkki.fi\/blog\/wp-content\/uploads\/2014\/02\/nmorao.jpg?fit=333%2C500&ssl=1","type":"image\/jpeg"}],"author":"Petri","twitter_misc":{"Kirjoittanut":"Petri","Arvioitu lukuaika":"2 minuuttia"},"schema":{"@context":"https:\/\/schema.org","@graph":[{"@type":"WebPage","@id":"https:\/\/sorvipenkki.fi\/blog\/2014\/02\/07\/yleisten-kirjastojen-aluetietokannat-syynissa\/","url":"https:\/\/sorvipenkki.fi\/blog\/2014\/02\/07\/yleisten-kirjastojen-aluetietokannat-syynissa\/","name":"Yleisten kirjastojen aluetietokannat syyniss\u00e4 - Sorvipenkki : blogi","isPartOf":{"@id":"http:\/\/sorvipenkki.fi\/blog\/#website"},"primaryImageOfPage":{"@id":"https:\/\/sorvipenkki.fi\/blog\/2014\/02\/07\/yleisten-kirjastojen-aluetietokannat-syynissa\/#primaryimage"},"image":{"@id":"https:\/\/sorvipenkki.fi\/blog\/2014\/02\/07\/yleisten-kirjastojen-aluetietokannat-syynissa\/#primaryimage"},"thumbnailUrl":"https:\/\/i0.wp.com\/sorvipenkki.fi\/blog\/wp-content\/uploads\/2014\/02\/nmorao.jpg?fit=333%2C500","datePublished":"2014-02-07T17:39:05+00:00","dateModified":"2014-02-07T17:42:58+00:00","author":{"@id":"http:\/\/sorvipenkki.fi\/blog\/#\/schema\/person\/b02edacd98c802b6ce32fef5a7249d0f"},"description":"Meneill\u00e4\u00e4n olevassa Aluetietokantaselvitys-projektissa kartoitetaan aluetietokantojen nykytilaa, yll\u00e4pitoa, kehityssuunnitelmia ja -toiveita.","breadcrumb":{"@id":"https:\/\/sorvipenkki.fi\/blog\/2014\/02\/07\/yleisten-kirjastojen-aluetietokannat-syynissa\/#breadcrumb"},"inLanguage":"fi","potentialAction":[{"@type":"ReadAction","target":["https:\/\/sorvipenkki.fi\/blog\/2014\/02\/07\/yleisten-kirjastojen-aluetietokannat-syynissa\/"]}]},{"@type":"ImageObject","inLanguage":"fi","@id":"https:\/\/sorvipenkki.fi\/blog\/2014\/02\/07\/yleisten-kirjastojen-aluetietokannat-syynissa\/#primaryimage","url":"https:\/\/i0.wp.com\/sorvipenkki.fi\/blog\/wp-content\/uploads\/2014\/02\/nmorao.jpg?fit=333%2C500","contentUrl":"https:\/\/i0.wp.com\/sorvipenkki.fi\/blog\/wp-content\/uploads\/2014\/02\/nmorao.jpg?fit=333%2C500","width":333,"height":500,"caption":"nmorao, Regional 5120, http:\/\/www.flickr.com\/photos\/nmorao\/4065996219\/"},{"@type":"BreadcrumbList","@id":"https:\/\/sorvipenkki.fi\/blog\/2014\/02\/07\/yleisten-kirjastojen-aluetietokannat-syynissa\/#breadcrumb","itemListElement":[{"@type":"ListItem","position":1,"name":"Etusivu","item":"http:\/\/sorvipenkki.fi\/blog\/"},{"@type":"ListItem","position":2,"name":"Yleisten kirjastojen aluetietokannat syyniss\u00e4"}]},{"@type":"WebSite","@id":"http:\/\/sorvipenkki.fi\/blog\/#website","url":"http:\/\/sorvipenkki.fi\/blog\/","name":"Sorvipenkki : blogi","description":"kirjastoista, verkosta, informaatiosta","potentialAction":[{"@type":"SearchAction","target":{"@type":"EntryPoint","urlTemplate":"http:\/\/sorvipenkki.fi\/blog\/?s={search_term_string}"},"query-input":{"@type":"PropertyValueSpecification","valueRequired":true,"valueName":"search_term_string"}}],"inLanguage":"fi"},{"@type":"Person","@id":"http:\/\/sorvipenkki.fi\/blog\/#\/schema\/person\/b02edacd98c802b6ce32fef5a7249d0f","name":"Petri","image":{"@type":"ImageObject","inLanguage":"fi","@id":"http:\/\/sorvipenkki.fi\/blog\/#\/schema\/person\/image\/","url":"https:\/\/secure.gravatar.com\/avatar\/2b04db36fb4abd91b2bfacbece88896e7baf17224329d5a14577b32576cf2c7e?s=96&d=mm&r=g","contentUrl":"https:\/\/secure.gravatar.com\/avatar\/2b04db36fb4abd91b2bfacbece88896e7baf17224329d5a14577b32576cf2c7e?s=96&d=mm&r=g","caption":"Petri"},"sameAs":["http:\/\/sorvipenkki.fi"],"url":"http:\/\/sorvipenkki.fi\/blog\/author\/petri\/"}]}},"jetpack_featured_media_url":"https:\/\/i0.wp.com\/sorvipenkki.fi\/blog\/wp-content\/uploads\/2014\/02\/nmorao.jpg?fit=333%2C500","jetpack_sharing_enabled":true,"jetpack_shortlink":"https:\/\/wp.me\/p9swLA-1k","jetpack_likes_enabled":true,"jetpack-related-posts":[],"_links":{"self":[{"href":"http:\/\/sorvipenkki.fi\/blog\/wp-json\/wp\/v2\/posts\/82","targetHints":{"allow":["GET"]}}],"collection":[{"href":"http:\/\/sorvipenkki.fi\/blog\/wp-json\/wp\/v2\/posts"}],"about":[{"href":"http:\/\/sorvipenkki.fi\/blog\/wp-json\/wp\/v2\/types\/post"}],"author":[{"embeddable":true,"href":"http:\/\/sorvipenkki.fi\/blog\/wp-json\/wp\/v2\/users\/1"}],"replies":[{"embeddable":true,"href":"http:\/\/sorvipenkki.fi\/blog\/wp-json\/wp\/v2\/comments?post=82"}],"version-history":[{"count":3,"href":"http:\/\/sorvipenkki.fi\/blog\/wp-json\/wp\/v2\/posts\/82\/revisions"}],"predecessor-version":[{"id":86,"href":"http:\/\/sorvipenkki.fi\/blog\/wp-json\/wp\/v2\/posts\/82\/revisions\/86"}],"wp:featuredmedia":[{"embeddable":true,"href":"http:\/\/sorvipenkki.fi\/blog\/wp-json\/wp\/v2\/media\/83"}],"wp:attachment":[{"href":"http:\/\/sorvipenkki.fi\/blog\/wp-json\/wp\/v2\/media?parent=82"}],"wp:term":[{"taxonomy":"category","embeddable":true,"href":"http:\/\/sorvipenkki.fi\/blog\/wp-json\/wp\/v2\/categories?post=82"},{"taxonomy":"post_tag","embeddable":true,"href":"http:\/\/sorvipenkki.fi\/blog\/wp-json\/wp\/v2\/tags?post=82"}],"curies":[{"name":"wp","href":"https:\/\/api.w.org\/{rel}","templated":true}]}}